{"id":11863,"date":"2023-06-27T09:48:07","date_gmt":"2023-06-27T08:48:07","guid":{"rendered":"https:\/\/jardinarium.com\/blog\/?p=11863"},"modified":"2023-06-27T09:48:09","modified_gmt":"2023-06-27T08:48:09","slug":"que-plantar-en-el-mes-de-julio","status":"publish","type":"post","link":"https:\/\/jardinarium.com\/blog\/que-plantar-en-el-mes-de-julio\/","title":{"rendered":"Qu\u00e9 plantar en el mes de julio"},"content":{"rendered":"\n<h2 class=\"wp-block-heading\" id=\"h-llena-tu-jardin-de-vida-este-mes-de-julio\">\u00a1<strong>Llena tu jard\u00edn de vida<\/strong> este mes de julio!<\/h2>\n\n\n\n<p class=\"has-black-color has-text-color\">El verano est\u00e1 en pleno esplendor, el sol radiante, vacaciones, alegr\u00eda&#8230; Es el momento perfecto para agregar color y <strong>belleza a tu jard\u00edn<\/strong>. Descubre <strong>que puedes plantar este mes<\/strong>.<\/p>\n\n\n\n<p class=\"has-black-color has-text-color\">\u25cf<strong>Los radiantes girasoles<\/strong>. Son conocidos como las <strong>flores del verano<\/strong>, adem\u00e1s son perfectos para decorar tu hogar, jard\u00edn o terraza por su vibrante color amarillo. La caracter\u00edstica m\u00e1s importante y por la cual recibe su nombre, es su capacidad de seguir la ruta del sol, ya que giran en busca de luz solar.<\/p>\n\n\n\n<p class=\"has-black-color has-text-color\">\u25cfLas <strong>plantas crasas o cactus<\/strong> son plantas perfectas para decorar. Sus formas, colores y beneficios los han convertido en un must de la decoraci\u00f3n. La suerte de tener estas plantas es que son f\u00e1ciles de cuidar, necesitan poco riego, s\u00faper resistentes y, adem\u00e1s, aportan alegr\u00eda y belleza.<\/p>\n\n\n\n<p><\/p>\n\n\n\n<div class=\"wp-block-columns is-layout-flex wp-container-core-columns-is-layout-9d6595d7 wp-block-columns-is-layout-flex\">\n<div class=\"wp-block-column is-layout-flow wp-block-column-is-layout-flow\">\n<figure class=\"wp-block-image size-large is-resized\"><img loading=\"lazy\" decoding=\"async\" src=\"https:\/\/jardinarium.com\/blog\/wp-content\/uploads\/2023\/06\/girasoles-1153x800.jpg\" alt=\"\" class=\"wp-image-11866\" width=\"553\" height=\"383\" srcset=\"https:\/\/jardinarium.com\/blog\/wp-content\/uploads\/2023\/06\/girasoles-1153x800.jpg 1153w, https:\/\/jardinarium.com\/blog\/wp-content\/uploads\/2023\/06\/girasoles-400x277.jpg 400w, https:\/\/jardinarium.com\/blog\/wp-content\/uploads\/2023\/06\/girasoles-768x533.jpg 768w, https:\/\/jardinarium.com\/blog\/wp-content\/uploads\/2023\/06\/girasoles-1536x1065.jpg 1536w, https:\/\/jardinarium.com\/blog\/wp-content\/uploads\/2023\/06\/girasoles-2048x1420.jpg 2048w\" sizes=\"auto, (max-width: 553px) 100vw, 553px\" \/><\/figure>\n<\/div>\n\n\n\n<div class=\"wp-block-column is-layout-flow wp-block-column-is-layout-flow\">\n<figure class=\"wp-block-image size-large is-resized\"><img loading=\"lazy\" decoding=\"async\" src=\"https:\/\/jardinarium.com\/blog\/wp-content\/uploads\/2023\/06\/plantascrasas_cactus-1-1079x800.jpg\" alt=\"\" class=\"wp-image-11867\" width=\"515\" height=\"381\" srcset=\"https:\/\/jardinarium.com\/blog\/wp-content\/uploads\/2023\/06\/plantascrasas_cactus-1-1079x800.jpg 1079w, https:\/\/jardinarium.com\/blog\/wp-content\/uploads\/2023\/06\/plantascrasas_cactus-1-400x297.jpg 400w, https:\/\/jardinarium.com\/blog\/wp-content\/uploads\/2023\/06\/plantascrasas_cactus-1-768x569.jpg 768w, https:\/\/jardinarium.com\/blog\/wp-content\/uploads\/2023\/06\/plantascrasas_cactus-1-1536x1139.jpg 1536w, https:\/\/jardinarium.com\/blog\/wp-content\/uploads\/2023\/06\/plantascrasas_cactus-1-2048x1518.jpg 2048w\" sizes=\"auto, (max-width: 515px) 100vw, 515px\" \/><\/figure>\n<\/div>\n<\/div>\n\n\n\n<p><\/p>\n\n\n\n<p class=\"has-black-color has-text-color\">\u25cfLa <strong>gerbera <\/strong>es una de las plantas que no puede faltar en tu jard\u00edn. <strong>Sus flores son \u00a0muy parecidas a las margaritas pero m\u00e1s grandes y con muchos m\u00e1s p\u00e9talos. El surtido de colores es muy amplio<\/strong>, desde tonos c\u00e1lidos como el naranja, el amarillo o el rojo, hasta los m\u00e1s fr\u00edos, como el blanco. Adem\u00e1s, cuenta con un significado muy especial, simboliza la alegr\u00eda.<\/p>\n\n\n\n<p class=\"has-black-color has-text-color\">\u25cfEl <strong>jazm\u00edn<\/strong>, puede ser trepadora o arbustiva, pero la aut\u00e9ntica belleza de esta <strong>planta es su floraci\u00f3n<\/strong>. Sus <strong>flores blancas o amarillentas y sus hojas verdes<\/strong> brillantes son un verdadero espect\u00e1culo. Adem\u00e1s, si hay algo que nos cautiva de esta planta es el <strong>perfume dulce<\/strong> que desprende.<\/p>\n\n\n\n<p><\/p>\n\n\n\n<div class=\"wp-block-columns is-layout-flex wp-container-core-columns-is-layout-9d6595d7 wp-block-columns-is-layout-flex\">\n<div class=\"wp-block-column is-layout-flow wp-block-column-is-layout-flow\">\n<div class=\"wp-block-columns is-layout-flex wp-container-core-columns-is-layout-9d6595d7 wp-block-columns-is-layout-flex\">\n<div class=\"wp-block-column is-layout-flow wp-block-column-is-layout-flow\">\n<figure class=\"wp-block-image size-full\"><img loading=\"lazy\" decoding=\"async\" width=\"668\" height=\"400\" src=\"https:\/\/jardinarium.com\/blog\/wp-content\/uploads\/2023\/06\/jazmin-1.jpg\" alt=\"\" class=\"wp-image-11869\" srcset=\"https:\/\/jardinarium.com\/blog\/wp-content\/uploads\/2023\/06\/jazmin-1.jpg 668w, https:\/\/jardinarium.com\/blog\/wp-content\/uploads\/2023\/06\/jazmin-1-400x240.jpg 400w\" sizes=\"auto, (max-width: 668px) 100vw, 668px\" \/><\/figure>\n<\/div>\n\n\n\n<div class=\"wp-block-column is-layout-flow wp-block-column-is-layout-flow\">\n<figure class=\"wp-block-image size-full is-resized\"><img loading=\"lazy\" decoding=\"async\" src=\"https:\/\/jardinarium.com\/blog\/wp-content\/uploads\/2023\/06\/gerberas-1.jpg\" alt=\"\" class=\"wp-image-11871\" width=\"528\" height=\"326\" srcset=\"https:\/\/jardinarium.com\/blog\/wp-content\/uploads\/2023\/06\/gerberas-1.jpg 1017w, https:\/\/jardinarium.com\/blog\/wp-content\/uploads\/2023\/06\/gerberas-1-400x247.jpg 400w, https:\/\/jardinarium.com\/blog\/wp-content\/uploads\/2023\/06\/gerberas-1-768x475.jpg 768w\" sizes=\"auto, (max-width: 528px) 100vw, 528px\" \/><\/figure>\n<\/div>\n<\/div>\n<\/div>\n<\/div>\n\n\n\n<p class=\"has-black-color has-text-color\"><strong>\u00a1Feliz plantaci\u00f3n, feliz julio!<\/strong><\/p>\n\n\n\n<p><\/p>\n","protected":false},"excerpt":{"rendered":"<p>El verano est\u00e1 en pleno esplendor, el sol radiante, vacaciones, alegr\u00eda&#8230; Es el momento perfecto para plantar flores en tu jard\u00edn y terraza. <\/p>\n","protected":false},"author":7,"featured_media":11872,"comment_status":"open","ping_status":"closed","sticky":false,"template":"","format":"standard","meta":{"footnotes":""},"categories":[190],"tags":[202,120,114,193,117],"class_list":["post-11863","post","type-post","status-publish","format-standard","has-post-thumbnail","hentry","category-flores","tag-flores","tag-jardin","tag-jardineria","tag-plantas","tag-terraza"],"yoast_head":"<!-- This site is optimized with the Yoast SEO Premium plugin v19.6 (Yoast SEO v27.4) - https:\/\/yoast.com\/product\/yoast-seo-premium-wordpress\/ -->\n<title>plantar-julio<\/title>\n<meta name=\"description\" content=\"El verano est\u00e1 en pleno esplendor, el sol radiante, vacaciones, alegr\u00eda... Es el momento perfecto para plantar flores en tu jard\u00edn y terraza.\" \/>\n<meta name=\"robots\" content=\"index, follow, max-snippet:-1, max-image-preview:large, max-video-preview:-1\" \/>\n<link rel=\"canonical\" href=\"https:\/\/jardinarium.com\/blog\/que-plantar-en-el-mes-de-julio\/\" \/>\n<meta property=\"og:locale\" content=\"es_ES\" \/>\n<meta property=\"og:type\" content=\"article\" \/>\n<meta property=\"og:title\" content=\"Qu\u00e9 plantar en el mes de julio\" \/>\n<meta property=\"og:description\" content=\"El verano est\u00e1 en pleno esplendor, el sol radiante, vacaciones, alegr\u00eda... Es el momento perfecto para plantar flores en tu jard\u00edn y terraza.\" \/>\n<meta property=\"og:url\" content=\"https:\/\/jardinarium.com\/blog\/que-plantar-en-el-mes-de-julio\/\" \/>\n<meta property=\"og:site_name\" content=\"Jardinarium Blog\" \/>\n<meta property=\"article:published_time\" content=\"2023-06-27T08:48:07+00:00\" \/>\n<meta property=\"article:modified_time\" content=\"2023-06-27T08:48:09+00:00\" \/>\n<meta property=\"og:image\" content=\"https:\/\/jardinarium.com\/blog\/wp-content\/uploads\/2023\/06\/7-julio5-plantamos.jpg\" \/>\n\t<meta property=\"og:image:width\" content=\"1080\" \/>\n\t<meta property=\"og:image:height\" content=\"1080\" \/>\n\t<meta property=\"og:image:type\" content=\"image\/jpeg\" \/>\n<meta name=\"author\" content=\"Jardinarium\" \/>\n<meta name=\"twitter:card\" content=\"summary_large_image\" \/>\n<meta name=\"twitter:label1\" content=\"Escrito por\" \/>\n\t<meta name=\"twitter:data1\" content=\"Jardinarium\" \/>\n\t<meta name=\"twitter:label2\" content=\"Tiempo de lectura\" \/>\n\t<meta name=\"twitter:data2\" content=\"2 minutos\" \/>\n<script type=\"application\/ld+json\" class=\"yoast-schema-graph\">{\"@context\":\"https:\\\/\\\/schema.org\",\"@graph\":[{\"@type\":\"Article\",\"@id\":\"https:\\\/\\\/jardinarium.com\\\/blog\\\/que-plantar-en-el-mes-de-julio\\\/#article\",\"isPartOf\":{\"@id\":\"https:\\\/\\\/jardinarium.com\\\/blog\\\/que-plantar-en-el-mes-de-julio\\\/\"},\"author\":{\"name\":\"Jardinarium\",\"@id\":\"https:\\\/\\\/jardinarium.com\\\/blog\\\/#\\\/schema\\\/person\\\/8e0a55cb9de3fedd03897c4eed05e2e0\"},\"headline\":\"Qu\u00e9 plantar en el mes de julio\",\"datePublished\":\"2023-06-27T08:48:07+00:00\",\"dateModified\":\"2023-06-27T08:48:09+00:00\",\"mainEntityOfPage\":{\"@id\":\"https:\\\/\\\/jardinarium.com\\\/blog\\\/que-plantar-en-el-mes-de-julio\\\/\"},\"wordCount\":288,\"commentCount\":0,\"publisher\":{\"@id\":\"https:\\\/\\\/jardinarium.com\\\/blog\\\/#organization\"},\"image\":{\"@id\":\"https:\\\/\\\/jardinarium.com\\\/blog\\\/que-plantar-en-el-mes-de-julio\\\/#primaryimage\"},\"thumbnailUrl\":\"https:\\\/\\\/jardinarium.com\\\/blog\\\/wp-content\\\/uploads\\\/2023\\\/06\\\/7-julio5-plantamos.jpg\",\"keywords\":[\"Flores\",\"jard\u00edn\",\"Jardiner\u00eda\",\"Plantas\",\"terraza\"],\"articleSection\":[\"Flores\"],\"inLanguage\":\"es\",\"potentialAction\":[{\"@type\":\"CommentAction\",\"name\":\"Comment\",\"target\":[\"https:\\\/\\\/jardinarium.com\\\/blog\\\/que-plantar-en-el-mes-de-julio\\\/#respond\"]}]},{\"@type\":\"WebPage\",\"@id\":\"https:\\\/\\\/jardinarium.com\\\/blog\\\/que-plantar-en-el-mes-de-julio\\\/\",\"url\":\"https:\\\/\\\/jardinarium.com\\\/blog\\\/que-plantar-en-el-mes-de-julio\\\/\",\"name\":\"plantar-julio\",\"isPartOf\":{\"@id\":\"https:\\\/\\\/jardinarium.com\\\/blog\\\/#website\"},\"primaryImageOfPage\":{\"@id\":\"https:\\\/\\\/jardinarium.com\\\/blog\\\/que-plantar-en-el-mes-de-julio\\\/#primaryimage\"},\"image\":{\"@id\":\"https:\\\/\\\/jardinarium.com\\\/blog\\\/que-plantar-en-el-mes-de-julio\\\/#primaryimage\"},\"thumbnailUrl\":\"https:\\\/\\\/jardinarium.com\\\/blog\\\/wp-content\\\/uploads\\\/2023\\\/06\\\/7-julio5-plantamos.jpg\",\"datePublished\":\"2023-06-27T08:48:07+00:00\",\"dateModified\":\"2023-06-27T08:48:09+00:00\",\"description\":\"El verano est\u00e1 en pleno esplendor, el sol radiante, vacaciones, alegr\u00eda... Es el momento perfecto para plantar flores en tu jard\u00edn y terraza.\",\"breadcrumb\":{\"@id\":\"https:\\\/\\\/jardinarium.com\\\/blog\\\/que-plantar-en-el-mes-de-julio\\\/#breadcrumb\"},\"inLanguage\":\"es\",\"potentialAction\":[{\"@type\":\"ReadAction\",\"target\":[\"https:\\\/\\\/jardinarium.com\\\/blog\\\/que-plantar-en-el-mes-de-julio\\\/\"]}]},{\"@type\":\"ImageObject\",\"inLanguage\":\"es\",\"@id\":\"https:\\\/\\\/jardinarium.com\\\/blog\\\/que-plantar-en-el-mes-de-julio\\\/#primaryimage\",\"url\":\"https:\\\/\\\/jardinarium.com\\\/blog\\\/wp-content\\\/uploads\\\/2023\\\/06\\\/7-julio5-plantamos.jpg\",\"contentUrl\":\"https:\\\/\\\/jardinarium.com\\\/blog\\\/wp-content\\\/uploads\\\/2023\\\/06\\\/7-julio5-plantamos.jpg\",\"width\":1080,\"height\":1080},{\"@type\":\"BreadcrumbList\",\"@id\":\"https:\\\/\\\/jardinarium.com\\\/blog\\\/que-plantar-en-el-mes-de-julio\\\/#breadcrumb\",\"itemListElement\":[{\"@type\":\"ListItem\",\"position\":1,\"name\":\"Portada\",\"item\":\"https:\\\/\\\/jardinarium.com\\\/blog\\\/\"},{\"@type\":\"ListItem\",\"position\":2,\"name\":\"Qu\u00e9 plantar en el mes de julio\"}]},{\"@type\":\"WebSite\",\"@id\":\"https:\\\/\\\/jardinarium.com\\\/blog\\\/#website\",\"url\":\"https:\\\/\\\/jardinarium.com\\\/blog\\\/\",\"name\":\"Jardinarium Blog\",\"description\":\"Tu blog sobre jardiner\u00eda favorito\",\"publisher\":{\"@id\":\"https:\\\/\\\/jardinarium.com\\\/blog\\\/#organization\"},\"potentialAction\":[{\"@type\":\"SearchAction\",\"target\":{\"@type\":\"EntryPoint\",\"urlTemplate\":\"https:\\\/\\\/jardinarium.com\\\/blog\\\/?s={search_term_string}\"},\"query-input\":{\"@type\":\"PropertyValueSpecification\",\"valueRequired\":true,\"valueName\":\"search_term_string\"}}],\"inLanguage\":\"es\"},{\"@type\":\"Organization\",\"@id\":\"https:\\\/\\\/jardinarium.com\\\/blog\\\/#organization\",\"name\":\"Jardinarium Blog\",\"url\":\"https:\\\/\\\/jardinarium.com\\\/blog\\\/\",\"logo\":{\"@type\":\"ImageObject\",\"inLanguage\":\"es\",\"@id\":\"https:\\\/\\\/jardinarium.com\\\/blog\\\/#\\\/schema\\\/logo\\\/image\\\/\",\"url\":\"https:\\\/\\\/jardinarium.com\\\/blog\\\/wp-content\\\/uploads\\\/2023\\\/01\\\/cropped-logo_jardinarium-nobackground.png\",\"contentUrl\":\"https:\\\/\\\/jardinarium.com\\\/blog\\\/wp-content\\\/uploads\\\/2023\\\/01\\\/cropped-logo_jardinarium-nobackground.png\",\"width\":512,\"height\":512,\"caption\":\"Jardinarium Blog\"},\"image\":{\"@id\":\"https:\\\/\\\/jardinarium.com\\\/blog\\\/#\\\/schema\\\/logo\\\/image\\\/\"}},{\"@type\":\"Person\",\"@id\":\"https:\\\/\\\/jardinarium.com\\\/blog\\\/#\\\/schema\\\/person\\\/8e0a55cb9de3fedd03897c4eed05e2e0\",\"name\":\"Jardinarium\",\"image\":{\"@type\":\"ImageObject\",\"inLanguage\":\"es\",\"@id\":\"https:\\\/\\\/secure.gravatar.com\\\/avatar\\\/23f3c9f8fac24a9199ac2ddc46aa4a1d21bca060932733e19dfe9be9ee768275?s=96&d=mm&r=g\",\"url\":\"https:\\\/\\\/secure.gravatar.com\\\/avatar\\\/23f3c9f8fac24a9199ac2ddc46aa4a1d21bca060932733e19dfe9be9ee768275?s=96&d=mm&r=g\",\"contentUrl\":\"https:\\\/\\\/secure.gravatar.com\\\/avatar\\\/23f3c9f8fac24a9199ac2ddc46aa4a1d21bca060932733e19dfe9be9ee768275?s=96&d=mm&r=g\",\"caption\":\"Jardinarium\"},\"url\":\"https:\\\/\\\/jardinarium.com\\\/blog\\\/author\\\/jardinarium\\\/\"}]}<\/script>\n<!-- \/ Yoast SEO Premium plugin. -->","yoast_head_json":{"title":"plantar-julio","description":"El verano est\u00e1 en pleno esplendor, el sol radiante, vacaciones, alegr\u00eda... Es el momento perfecto para plantar flores en tu jard\u00edn y terraza.","robots":{"index":"index","follow":"follow","max-snippet":"max-snippet:-1","max-image-preview":"max-image-preview:large","max-video-preview":"max-video-preview:-1"},"canonical":"https:\/\/jardinarium.com\/blog\/que-plantar-en-el-mes-de-julio\/","og_locale":"es_ES","og_type":"article","og_title":"Qu\u00e9 plantar en el mes de julio","og_description":"El verano est\u00e1 en pleno esplendor, el sol radiante, vacaciones, alegr\u00eda... Es el momento perfecto para plantar flores en tu jard\u00edn y terraza.","og_url":"https:\/\/jardinarium.com\/blog\/que-plantar-en-el-mes-de-julio\/","og_site_name":"Jardinarium Blog","article_published_time":"2023-06-27T08:48:07+00:00","article_modified_time":"2023-06-27T08:48:09+00:00","og_image":[{"width":1080,"height":1080,"url":"https:\/\/jardinarium.com\/blog\/wp-content\/uploads\/2023\/06\/7-julio5-plantamos.jpg","type":"image\/jpeg"}],"author":"Jardinarium","twitter_card":"summary_large_image","twitter_misc":{"Escrito por":"Jardinarium","Tiempo de lectura":"2 minutos"},"schema":{"@context":"https:\/\/schema.org","@graph":[{"@type":"Article","@id":"https:\/\/jardinarium.com\/blog\/que-plantar-en-el-mes-de-julio\/#article","isPartOf":{"@id":"https:\/\/jardinarium.com\/blog\/que-plantar-en-el-mes-de-julio\/"},"author":{"name":"Jardinarium","@id":"https:\/\/jardinarium.com\/blog\/#\/schema\/person\/8e0a55cb9de3fedd03897c4eed05e2e0"},"headline":"Qu\u00e9 plantar en el mes de julio","datePublished":"2023-06-27T08:48:07+00:00","dateModified":"2023-06-27T08:48:09+00:00","mainEntityOfPage":{"@id":"https:\/\/jardinarium.com\/blog\/que-plantar-en-el-mes-de-julio\/"},"wordCount":288,"commentCount":0,"publisher":{"@id":"https:\/\/jardinarium.com\/blog\/#organization"},"image":{"@id":"https:\/\/jardinarium.com\/blog\/que-plantar-en-el-mes-de-julio\/#primaryimage"},"thumbnailUrl":"https:\/\/jardinarium.com\/blog\/wp-content\/uploads\/2023\/06\/7-julio5-plantamos.jpg","keywords":["Flores","jard\u00edn","Jardiner\u00eda","Plantas","terraza"],"articleSection":["Flores"],"inLanguage":"es","potentialAction":[{"@type":"CommentAction","name":"Comment","target":["https:\/\/jardinarium.com\/blog\/que-plantar-en-el-mes-de-julio\/#respond"]}]},{"@type":"WebPage","@id":"https:\/\/jardinarium.com\/blog\/que-plantar-en-el-mes-de-julio\/","url":"https:\/\/jardinarium.com\/blog\/que-plantar-en-el-mes-de-julio\/","name":"plantar-julio","isPartOf":{"@id":"https:\/\/jardinarium.com\/blog\/#website"},"primaryImageOfPage":{"@id":"https:\/\/jardinarium.com\/blog\/que-plantar-en-el-mes-de-julio\/#primaryimage"},"image":{"@id":"https:\/\/jardinarium.com\/blog\/que-plantar-en-el-mes-de-julio\/#primaryimage"},"thumbnailUrl":"https:\/\/jardinarium.com\/blog\/wp-content\/uploads\/2023\/06\/7-julio5-plantamos.jpg","datePublished":"2023-06-27T08:48:07+00:00","dateModified":"2023-06-27T08:48:09+00:00","description":"El verano est\u00e1 en pleno esplendor, el sol radiante, vacaciones, alegr\u00eda... Es el momento perfecto para plantar flores en tu jard\u00edn y terraza.","breadcrumb":{"@id":"https:\/\/jardinarium.com\/blog\/que-plantar-en-el-mes-de-julio\/#breadcrumb"},"inLanguage":"es","potentialAction":[{"@type":"ReadAction","target":["https:\/\/jardinarium.com\/blog\/que-plantar-en-el-mes-de-julio\/"]}]},{"@type":"ImageObject","inLanguage":"es","@id":"https:\/\/jardinarium.com\/blog\/que-plantar-en-el-mes-de-julio\/#primaryimage","url":"https:\/\/jardinarium.com\/blog\/wp-content\/uploads\/2023\/06\/7-julio5-plantamos.jpg","contentUrl":"https:\/\/jardinarium.com\/blog\/wp-content\/uploads\/2023\/06\/7-julio5-plantamos.jpg","width":1080,"height":1080},{"@type":"BreadcrumbList","@id":"https:\/\/jardinarium.com\/blog\/que-plantar-en-el-mes-de-julio\/#breadcrumb","itemListElement":[{"@type":"ListItem","position":1,"name":"Portada","item":"https:\/\/jardinarium.com\/blog\/"},{"@type":"ListItem","position":2,"name":"Qu\u00e9 plantar en el mes de julio"}]},{"@type":"WebSite","@id":"https:\/\/jardinarium.com\/blog\/#website","url":"https:\/\/jardinarium.com\/blog\/","name":"Jardinarium Blog","description":"Tu blog sobre jardiner\u00eda favorito","publisher":{"@id":"https:\/\/jardinarium.com\/blog\/#organization"},"potentialAction":[{"@type":"SearchAction","target":{"@type":"EntryPoint","urlTemplate":"https:\/\/jardinarium.com\/blog\/?s={search_term_string}"},"query-input":{"@type":"PropertyValueSpecification","valueRequired":true,"valueName":"search_term_string"}}],"inLanguage":"es"},{"@type":"Organization","@id":"https:\/\/jardinarium.com\/blog\/#organization","name":"Jardinarium Blog","url":"https:\/\/jardinarium.com\/blog\/","logo":{"@type":"ImageObject","inLanguage":"es","@id":"https:\/\/jardinarium.com\/blog\/#\/schema\/logo\/image\/","url":"https:\/\/jardinarium.com\/blog\/wp-content\/uploads\/2023\/01\/cropped-logo_jardinarium-nobackground.png","contentUrl":"https:\/\/jardinarium.com\/blog\/wp-content\/uploads\/2023\/01\/cropped-logo_jardinarium-nobackground.png","width":512,"height":512,"caption":"Jardinarium Blog"},"image":{"@id":"https:\/\/jardinarium.com\/blog\/#\/schema\/logo\/image\/"}},{"@type":"Person","@id":"https:\/\/jardinarium.com\/blog\/#\/schema\/person\/8e0a55cb9de3fedd03897c4eed05e2e0","name":"Jardinarium","image":{"@type":"ImageObject","inLanguage":"es","@id":"https:\/\/secure.gravatar.com\/avatar\/23f3c9f8fac24a9199ac2ddc46aa4a1d21bca060932733e19dfe9be9ee768275?s=96&d=mm&r=g","url":"https:\/\/secure.gravatar.com\/avatar\/23f3c9f8fac24a9199ac2ddc46aa4a1d21bca060932733e19dfe9be9ee768275?s=96&d=mm&r=g","contentUrl":"https:\/\/secure.gravatar.com\/avatar\/23f3c9f8fac24a9199ac2ddc46aa4a1d21bca060932733e19dfe9be9ee768275?s=96&d=mm&r=g","caption":"Jardinarium"},"url":"https:\/\/jardinarium.com\/blog\/author\/jardinarium\/"}]}},"_links":{"self":[{"href":"https:\/\/jardinarium.com\/blog\/wp-json\/wp\/v2\/posts\/11863","targetHints":{"allow":["GET"]}}],"collection":[{"href":"https:\/\/jardinarium.com\/blog\/wp-json\/wp\/v2\/posts"}],"about":[{"href":"https:\/\/jardinarium.com\/blog\/wp-json\/wp\/v2\/types\/post"}],"author":[{"embeddable":true,"href":"https:\/\/jardinarium.com\/blog\/wp-json\/wp\/v2\/users\/7"}],"replies":[{"embeddable":true,"href":"https:\/\/jardinarium.com\/blog\/wp-json\/wp\/v2\/comments?post=11863"}],"version-history":[{"count":1,"href":"https:\/\/jardinarium.com\/blog\/wp-json\/wp\/v2\/posts\/11863\/revisions"}],"predecessor-version":[{"id":11873,"href":"https:\/\/jardinarium.com\/blog\/wp-json\/wp\/v2\/posts\/11863\/revisions\/11873"}],"wp:featuredmedia":[{"embeddable":true,"href":"https:\/\/jardinarium.com\/blog\/wp-json\/wp\/v2\/media\/11872"}],"wp:attachment":[{"href":"https:\/\/jardinarium.com\/blog\/wp-json\/wp\/v2\/media?parent=11863"}],"wp:term":[{"taxonomy":"category","embeddable":true,"href":"https:\/\/jardinarium.com\/blog\/wp-json\/wp\/v2\/categories?post=11863"},{"taxonomy":"post_tag","embeddable":true,"href":"https:\/\/jardinarium.com\/blog\/wp-json\/wp\/v2\/tags?post=11863"}],"curies":[{"name":"wp","href":"https:\/\/api.w.org\/{rel}","templated":true}]}}