{"id":13015,"date":"2024-06-18T10:07:09","date_gmt":"2024-06-18T09:07:09","guid":{"rendered":"https:\/\/jardinarium.com\/blog\/?p=13015"},"modified":"2024-06-18T10:07:11","modified_gmt":"2024-06-18T09:07:11","slug":"disfruta-del-verano-en-tus-espacios-exteriores","status":"publish","type":"post","link":"https:\/\/jardinarium.com\/blog\/disfruta-del-verano-en-tus-espacios-exteriores\/","title":{"rendered":"\u00a1Disfruta del verano en tus espacios exteriores!"},"content":{"rendered":"\n<p class=\"has-black-color has-text-color has-link-color wp-elements-784039e9d7d824eb054362768f49f1b6\">\u00a1El verano ya est\u00e1 aqu\u00ed y con \u00e9l llega la temporada de fiestas, barbacoas al aire libre y momentos inolvidables en nuestros jardines, balcones y terrazas! Es el momento perfecto para aprovechar al m\u00e1ximo esos espacios exteriores y compartirlos con familiares y amigos en veladas entra\u00f1ables.<\/p>\n\n\n\n<p class=\"has-black-color has-text-color has-link-color has-medium-font-size wp-elements-e9d27cb39f0b1d30042a9cf1b87eba8f\"><strong>Fiestas y Barbacoas al Aire Libre<\/strong><\/p>\n\n\n\n<p class=\"has-black-color has-text-color has-link-color wp-elements-49a47617cd582f05b27effc56d88d55c\">No hay nada como una fiesta al aire libre para celebrar el verano. Re\u00fane a tus amigos y familiares, enciende la parrilla y disfruta de deliciosas comidas y bebidas en buena compa\u00f1\u00eda. Las risas y las conversaciones bajo el sol o las estrellas son la mejor manera de crear recuerdos inolvidables.<\/p>\n\n\n\n<p><\/p>\n\n\n\n<div class=\"wp-block-columns is-layout-flex wp-container-core-columns-is-layout-9d6595d7 wp-block-columns-is-layout-flex\">\n<div class=\"wp-block-column is-layout-flow wp-block-column-is-layout-flow\">\n<figure class=\"wp-block-image size-large\"><img loading=\"lazy\" decoding=\"async\" width=\"1200\" height=\"800\" src=\"https:\/\/jardinarium.com\/blog\/wp-content\/uploads\/2024\/06\/hombres-jovenes-que-asan-barbacoa-parrilla-campo-cabana-1200x800.jpg\" alt=\"\" class=\"wp-image-13017\" srcset=\"https:\/\/jardinarium.com\/blog\/wp-content\/uploads\/2024\/06\/hombres-jovenes-que-asan-barbacoa-parrilla-campo-cabana-1200x800.jpg 1200w, https:\/\/jardinarium.com\/blog\/wp-content\/uploads\/2024\/06\/hombres-jovenes-que-asan-barbacoa-parrilla-campo-cabana-400x267.jpg 400w, https:\/\/jardinarium.com\/blog\/wp-content\/uploads\/2024\/06\/hombres-jovenes-que-asan-barbacoa-parrilla-campo-cabana-768x512.jpg 768w, https:\/\/jardinarium.com\/blog\/wp-content\/uploads\/2024\/06\/hombres-jovenes-que-asan-barbacoa-parrilla-campo-cabana.jpg 1500w\" sizes=\"auto, (max-width: 1200px) 100vw, 1200px\" \/><\/figure>\n<\/div>\n\n\n\n<div class=\"wp-block-column is-layout-flow wp-block-column-is-layout-flow\">\n<figure class=\"wp-block-image size-large\"><img loading=\"lazy\" decoding=\"async\" width=\"1200\" height=\"800\" src=\"https:\/\/jardinarium.com\/blog\/wp-content\/uploads\/2024\/06\/outdoor-barcelona.i5-1200x800.jpg\" alt=\"\" class=\"wp-image-13018\" srcset=\"https:\/\/jardinarium.com\/blog\/wp-content\/uploads\/2024\/06\/outdoor-barcelona.i5-1200x800.jpg 1200w, https:\/\/jardinarium.com\/blog\/wp-content\/uploads\/2024\/06\/outdoor-barcelona.i5-400x267.jpg 400w, https:\/\/jardinarium.com\/blog\/wp-content\/uploads\/2024\/06\/outdoor-barcelona.i5-768x512.jpg 768w, https:\/\/jardinarium.com\/blog\/wp-content\/uploads\/2024\/06\/outdoor-barcelona.i5-1536x1024.jpg 1536w, https:\/\/jardinarium.com\/blog\/wp-content\/uploads\/2024\/06\/outdoor-barcelona.i5.jpg 2022w\" sizes=\"auto, (max-width: 1200px) 100vw, 1200px\" \/><\/figure>\n<\/div>\n<\/div>\n\n\n\n<p><\/p>\n\n\n\n<p class=\"has-black-color has-text-color has-link-color has-medium-font-size wp-elements-5f3c7256af7e324746094f39b14ecbdd\"><strong>Disfruta de Tu Jard\u00edn<\/strong><\/p>\n\n\n\n<p class=\"has-black-color has-text-color has-link-color wp-elements-f9f86e3a4fe169058d031a9ead1b8d00\">Tu jard\u00edn, tu terraza o tu balc\u00f3n son tu oasis personal. Rodearte de plantas y flores no solo embellece el espacio, sino que tambi\u00e9n crea un ambiente relajante y armonioso. Ya sea para leer un buen libro, tomar una siesta o simplemente disfrutar de la naturaleza, tu jard\u00edn es el lugar perfecto para desconectar y recargar energ\u00edas.<\/p>\n\n\n\n<p class=\"has-black-color has-text-color has-link-color has-medium-font-size wp-elements-3064273099ec1002fd6998016e7abddf\"><strong>Los Muebles de Exterior M\u00e1s Bonitos<\/strong><\/p>\n\n\n\n<p class=\"has-black-color has-text-color has-link-color wp-elements-9437058b093ce6af2a151515d657e4bc\">Para que tu jard\u00edn, balc\u00f3n o terraza sean a\u00fan m\u00e1s acogedores, es importante contar con muebles de exterior que sean c\u00f3modos y est\u00e9ticamente agradables. Desde sof\u00e1s y sillas hasta mesas y hamacas, elige piezas que reflejen tu estilo y hagan que tus espacios exteriores sean el lugar favorito de todos.<\/p>\n\n\n\n<p class=\"has-black-color has-text-color has-link-color has-medium-font-size wp-elements-d5f2a458fd8bf38b09fd8c10d87e4ec3\"><strong>Rodeados de Plantas<\/strong><\/p>\n\n\n\n<p class=\"has-black-color has-text-color has-link-color wp-elements-67b83d68bab100be93726fc9e1daee69\">Las plantas son las protagonistas del verano. Llena tus espacios exteriores con una variedad de plantas con flores y plantas verdes que aporten vida y color. No solo embellecen, sino que tambi\u00e9n purifican el aire y crean un ambiente fresco y natural.<\/p>\n\n\n\n<p><\/p>\n\n\n\n<div class=\"wp-block-columns is-layout-flex wp-container-core-columns-is-layout-9d6595d7 wp-block-columns-is-layout-flex\">\n<div class=\"wp-block-column is-layout-flow wp-block-column-is-layout-flow\">\n<figure class=\"wp-block-image size-large\"><img loading=\"lazy\" decoding=\"async\" width=\"889\" height=\"800\" src=\"https:\/\/jardinarium.com\/blog\/wp-content\/uploads\/2024\/06\/BODEGON-CUADRADAS2-889x800.jpg\" alt=\"\" class=\"wp-image-13024\" srcset=\"https:\/\/jardinarium.com\/blog\/wp-content\/uploads\/2024\/06\/BODEGON-CUADRADAS2-889x800.jpg 889w, https:\/\/jardinarium.com\/blog\/wp-content\/uploads\/2024\/06\/BODEGON-CUADRADAS2-333x300.jpg 333w, https:\/\/jardinarium.com\/blog\/wp-content\/uploads\/2024\/06\/BODEGON-CUADRADAS2-768x691.jpg 768w, https:\/\/jardinarium.com\/blog\/wp-content\/uploads\/2024\/06\/BODEGON-CUADRADAS2-1536x1382.jpg 1536w, https:\/\/jardinarium.com\/blog\/wp-content\/uploads\/2024\/06\/BODEGON-CUADRADAS2-2048x1843.jpg 2048w\" sizes=\"auto, (max-width: 889px) 100vw, 889px\" \/><\/figure>\n<\/div>\n\n\n\n<div class=\"wp-block-column is-layout-flow wp-block-column-is-layout-flow\">\n<figure class=\"wp-block-image size-full is-resized\"><img loading=\"lazy\" decoding=\"async\" width=\"927\" height=\"851\" src=\"https:\/\/jardinarium.com\/blog\/wp-content\/uploads\/2024\/06\/margarita_11.jpg\" alt=\"\" class=\"wp-image-13022\" style=\"width:584px;height:auto\" srcset=\"https:\/\/jardinarium.com\/blog\/wp-content\/uploads\/2024\/06\/margarita_11.jpg 927w, https:\/\/jardinarium.com\/blog\/wp-content\/uploads\/2024\/06\/margarita_11-327x300.jpg 327w, https:\/\/jardinarium.com\/blog\/wp-content\/uploads\/2024\/06\/margarita_11-871x800.jpg 871w, https:\/\/jardinarium.com\/blog\/wp-content\/uploads\/2024\/06\/margarita_11-768x705.jpg 768w\" sizes=\"auto, (max-width: 927px) 100vw, 927px\" \/><\/figure>\n<\/div>\n<\/div>\n\n\n\n<p class=\"has-black-color has-text-color has-link-color has-medium-font-size wp-elements-b443c4e893371ad03da530c1b59bf688\"> <strong>Gozar del Jard\u00edn, Balc\u00f3n y Terraza<\/strong><\/p>\n\n\n\n<p class=\"has-black-color has-text-color has-link-color wp-elements-05f5668c457ee0bf2c3622c60bae5c5b\">El verano es la \u00e9poca ideal para sacarle el m\u00e1ximo partido a todos los rincones de tu hogar. Ya sea un peque\u00f1o balc\u00f3n en la ciudad o una amplia terraza en el campo, cada espacio puede transformarse en un para\u00edso personal. A\u00f1ade cojines coloridos, luces festivas y detalles decorativos que hagan que cada momento al aire libre sea especial.<\/p>\n\n\n\n<p class=\"has-black-color has-text-color has-link-color wp-elements-34cc43c11b810b4407ec5a5ccbf794a0\"><strong>\u00a1As\u00ed que ponte tu sombrero favorito, prepara una bebida refrescante y disfruta del verano al aire libre! <\/strong>Que cada d\u00eda est\u00e9 lleno de sol, risas y momentos inolvidables en tu jard\u00edn, balc\u00f3n o terraza.<\/p>\n","protected":false},"excerpt":{"rendered":"<p>El verano ya est\u00e1 aqu\u00ed y tambi\u00e9n el momento de disfrutar al aire libre. Momentos inolvidables en nuestros jardines, balcones y terrazas.<\/p>\n","protected":false},"author":7,"featured_media":13025,"comment_status":"open","ping_status":"closed","sticky":false,"template":"","format":"standard","meta":{"footnotes":""},"categories":[21],"tags":[120,114,193,117],"class_list":["post-13015","post","type-post","status-publish","format-standard","has-post-thumbnail","hentry","category-inspiration","tag-jardin","tag-jardineria","tag-plantas","tag-terraza"],"yoast_head":"<!-- This site is optimized with the Yoast SEO Premium plugin v19.6 (Yoast SEO v27.4) - https:\/\/yoast.com\/product\/yoast-seo-premium-wordpress\/ -->\n<title>el-verano<\/title>\n<meta name=\"description\" content=\"El verano ya est\u00e1 aqu\u00ed y tambi\u00e9n el momento de disfrutar al aire libre. Momentos inolvidables en nuestros jardines, balcones y terrazas.\" \/>\n<meta name=\"robots\" content=\"index, follow, max-snippet:-1, max-image-preview:large, max-video-preview:-1\" \/>\n<link rel=\"canonical\" href=\"https:\/\/jardinarium.com\/blog\/disfruta-del-verano-en-tus-espacios-exteriores\/\" \/>\n<meta property=\"og:locale\" content=\"es_ES\" \/>\n<meta property=\"og:type\" content=\"article\" \/>\n<meta property=\"og:title\" content=\"\u00a1Disfruta del verano en tus espacios exteriores!\" \/>\n<meta property=\"og:description\" content=\"El verano ya est\u00e1 aqu\u00ed y tambi\u00e9n el momento de disfrutar al aire libre. Momentos inolvidables en nuestros jardines, balcones y terrazas.\" \/>\n<meta property=\"og:url\" content=\"https:\/\/jardinarium.com\/blog\/disfruta-del-verano-en-tus-espacios-exteriores\/\" \/>\n<meta property=\"og:site_name\" content=\"Jardinarium Blog\" \/>\n<meta property=\"article:published_time\" content=\"2024-06-18T09:07:09+00:00\" \/>\n<meta property=\"article:modified_time\" content=\"2024-06-18T09:07:11+00:00\" \/>\n<meta property=\"og:image\" content=\"https:\/\/jardinarium.com\/blog\/wp-content\/uploads\/2024\/06\/ninas-jugando-al-aire-libre-juntas-sentadas-hamaca.jpg\" \/>\n\t<meta property=\"og:image:width\" content=\"1500\" \/>\n\t<meta property=\"og:image:height\" content=\"1000\" \/>\n\t<meta property=\"og:image:type\" content=\"image\/jpeg\" \/>\n<meta name=\"author\" content=\"Jardinarium\" \/>\n<meta name=\"twitter:card\" content=\"summary_large_image\" \/>\n<meta name=\"twitter:label1\" content=\"Escrito por\" \/>\n\t<meta name=\"twitter:data1\" content=\"Jardinarium\" \/>\n\t<meta name=\"twitter:label2\" content=\"Tiempo de lectura\" \/>\n\t<meta name=\"twitter:data2\" content=\"3 minutos\" \/>\n<script type=\"application\/ld+json\" class=\"yoast-schema-graph\">{\"@context\":\"https:\\\/\\\/schema.org\",\"@graph\":[{\"@type\":\"Article\",\"@id\":\"https:\\\/\\\/jardinarium.com\\\/blog\\\/disfruta-del-verano-en-tus-espacios-exteriores\\\/#article\",\"isPartOf\":{\"@id\":\"https:\\\/\\\/jardinarium.com\\\/blog\\\/disfruta-del-verano-en-tus-espacios-exteriores\\\/\"},\"author\":{\"name\":\"Jardinarium\",\"@id\":\"https:\\\/\\\/jardinarium.com\\\/blog\\\/#\\\/schema\\\/person\\\/8e0a55cb9de3fedd03897c4eed05e2e0\"},\"headline\":\"\u00a1Disfruta del verano en tus espacios exteriores!\",\"datePublished\":\"2024-06-18T09:07:09+00:00\",\"dateModified\":\"2024-06-18T09:07:11+00:00\",\"mainEntityOfPage\":{\"@id\":\"https:\\\/\\\/jardinarium.com\\\/blog\\\/disfruta-del-verano-en-tus-espacios-exteriores\\\/\"},\"wordCount\":400,\"commentCount\":0,\"publisher\":{\"@id\":\"https:\\\/\\\/jardinarium.com\\\/blog\\\/#organization\"},\"image\":{\"@id\":\"https:\\\/\\\/jardinarium.com\\\/blog\\\/disfruta-del-verano-en-tus-espacios-exteriores\\\/#primaryimage\"},\"thumbnailUrl\":\"https:\\\/\\\/jardinarium.com\\\/blog\\\/wp-content\\\/uploads\\\/2024\\\/06\\\/ninas-jugando-al-aire-libre-juntas-sentadas-hamaca.jpg\",\"keywords\":[\"jard\u00edn\",\"Jardiner\u00eda\",\"Plantas\",\"terraza\"],\"articleSection\":[\"Inspiration\"],\"inLanguage\":\"es\",\"potentialAction\":[{\"@type\":\"CommentAction\",\"name\":\"Comment\",\"target\":[\"https:\\\/\\\/jardinarium.com\\\/blog\\\/disfruta-del-verano-en-tus-espacios-exteriores\\\/#respond\"]}]},{\"@type\":\"WebPage\",\"@id\":\"https:\\\/\\\/jardinarium.com\\\/blog\\\/disfruta-del-verano-en-tus-espacios-exteriores\\\/\",\"url\":\"https:\\\/\\\/jardinarium.com\\\/blog\\\/disfruta-del-verano-en-tus-espacios-exteriores\\\/\",\"name\":\"el-verano\",\"isPartOf\":{\"@id\":\"https:\\\/\\\/jardinarium.com\\\/blog\\\/#website\"},\"primaryImageOfPage\":{\"@id\":\"https:\\\/\\\/jardinarium.com\\\/blog\\\/disfruta-del-verano-en-tus-espacios-exteriores\\\/#primaryimage\"},\"image\":{\"@id\":\"https:\\\/\\\/jardinarium.com\\\/blog\\\/disfruta-del-verano-en-tus-espacios-exteriores\\\/#primaryimage\"},\"thumbnailUrl\":\"https:\\\/\\\/jardinarium.com\\\/blog\\\/wp-content\\\/uploads\\\/2024\\\/06\\\/ninas-jugando-al-aire-libre-juntas-sentadas-hamaca.jpg\",\"datePublished\":\"2024-06-18T09:07:09+00:00\",\"dateModified\":\"2024-06-18T09:07:11+00:00\",\"description\":\"El verano ya est\u00e1 aqu\u00ed y tambi\u00e9n el momento de disfrutar al aire libre. Momentos inolvidables en nuestros jardines, balcones y terrazas.\",\"breadcrumb\":{\"@id\":\"https:\\\/\\\/jardinarium.com\\\/blog\\\/disfruta-del-verano-en-tus-espacios-exteriores\\\/#breadcrumb\"},\"inLanguage\":\"es\",\"potentialAction\":[{\"@type\":\"ReadAction\",\"target\":[\"https:\\\/\\\/jardinarium.com\\\/blog\\\/disfruta-del-verano-en-tus-espacios-exteriores\\\/\"]}]},{\"@type\":\"ImageObject\",\"inLanguage\":\"es\",\"@id\":\"https:\\\/\\\/jardinarium.com\\\/blog\\\/disfruta-del-verano-en-tus-espacios-exteriores\\\/#primaryimage\",\"url\":\"https:\\\/\\\/jardinarium.com\\\/blog\\\/wp-content\\\/uploads\\\/2024\\\/06\\\/ninas-jugando-al-aire-libre-juntas-sentadas-hamaca.jpg\",\"contentUrl\":\"https:\\\/\\\/jardinarium.com\\\/blog\\\/wp-content\\\/uploads\\\/2024\\\/06\\\/ninas-jugando-al-aire-libre-juntas-sentadas-hamaca.jpg\",\"width\":1500,\"height\":1000},{\"@type\":\"BreadcrumbList\",\"@id\":\"https:\\\/\\\/jardinarium.com\\\/blog\\\/disfruta-del-verano-en-tus-espacios-exteriores\\\/#breadcrumb\",\"itemListElement\":[{\"@type\":\"ListItem\",\"position\":1,\"name\":\"Portada\",\"item\":\"https:\\\/\\\/jardinarium.com\\\/blog\\\/\"},{\"@type\":\"ListItem\",\"position\":2,\"name\":\"\u00a1Disfruta del verano en tus espacios exteriores!\"}]},{\"@type\":\"WebSite\",\"@id\":\"https:\\\/\\\/jardinarium.com\\\/blog\\\/#website\",\"url\":\"https:\\\/\\\/jardinarium.com\\\/blog\\\/\",\"name\":\"Jardinarium Blog\",\"description\":\"Tu blog sobre jardiner\u00eda favorito\",\"publisher\":{\"@id\":\"https:\\\/\\\/jardinarium.com\\\/blog\\\/#organization\"},\"potentialAction\":[{\"@type\":\"SearchAction\",\"target\":{\"@type\":\"EntryPoint\",\"urlTemplate\":\"https:\\\/\\\/jardinarium.com\\\/blog\\\/?s={search_term_string}\"},\"query-input\":{\"@type\":\"PropertyValueSpecification\",\"valueRequired\":true,\"valueName\":\"search_term_string\"}}],\"inLanguage\":\"es\"},{\"@type\":\"Organization\",\"@id\":\"https:\\\/\\\/jardinarium.com\\\/blog\\\/#organization\",\"name\":\"Jardinarium Blog\",\"url\":\"https:\\\/\\\/jardinarium.com\\\/blog\\\/\",\"logo\":{\"@type\":\"ImageObject\",\"inLanguage\":\"es\",\"@id\":\"https:\\\/\\\/jardinarium.com\\\/blog\\\/#\\\/schema\\\/logo\\\/image\\\/\",\"url\":\"https:\\\/\\\/jardinarium.com\\\/blog\\\/wp-content\\\/uploads\\\/2023\\\/01\\\/cropped-logo_jardinarium-nobackground.png\",\"contentUrl\":\"https:\\\/\\\/jardinarium.com\\\/blog\\\/wp-content\\\/uploads\\\/2023\\\/01\\\/cropped-logo_jardinarium-nobackground.png\",\"width\":512,\"height\":512,\"caption\":\"Jardinarium Blog\"},\"image\":{\"@id\":\"https:\\\/\\\/jardinarium.com\\\/blog\\\/#\\\/schema\\\/logo\\\/image\\\/\"}},{\"@type\":\"Person\",\"@id\":\"https:\\\/\\\/jardinarium.com\\\/blog\\\/#\\\/schema\\\/person\\\/8e0a55cb9de3fedd03897c4eed05e2e0\",\"name\":\"Jardinarium\",\"image\":{\"@type\":\"ImageObject\",\"inLanguage\":\"es\",\"@id\":\"https:\\\/\\\/secure.gravatar.com\\\/avatar\\\/23f3c9f8fac24a9199ac2ddc46aa4a1d21bca060932733e19dfe9be9ee768275?s=96&d=mm&r=g\",\"url\":\"https:\\\/\\\/secure.gravatar.com\\\/avatar\\\/23f3c9f8fac24a9199ac2ddc46aa4a1d21bca060932733e19dfe9be9ee768275?s=96&d=mm&r=g\",\"contentUrl\":\"https:\\\/\\\/secure.gravatar.com\\\/avatar\\\/23f3c9f8fac24a9199ac2ddc46aa4a1d21bca060932733e19dfe9be9ee768275?s=96&d=mm&r=g\",\"caption\":\"Jardinarium\"},\"url\":\"https:\\\/\\\/jardinarium.com\\\/blog\\\/author\\\/jardinarium\\\/\"}]}<\/script>\n<!-- \/ Yoast SEO Premium plugin. -->","yoast_head_json":{"title":"el-verano","description":"El verano ya est\u00e1 aqu\u00ed y tambi\u00e9n el momento de disfrutar al aire libre. Momentos inolvidables en nuestros jardines, balcones y terrazas.","robots":{"index":"index","follow":"follow","max-snippet":"max-snippet:-1","max-image-preview":"max-image-preview:large","max-video-preview":"max-video-preview:-1"},"canonical":"https:\/\/jardinarium.com\/blog\/disfruta-del-verano-en-tus-espacios-exteriores\/","og_locale":"es_ES","og_type":"article","og_title":"\u00a1Disfruta del verano en tus espacios exteriores!","og_description":"El verano ya est\u00e1 aqu\u00ed y tambi\u00e9n el momento de disfrutar al aire libre. Momentos inolvidables en nuestros jardines, balcones y terrazas.","og_url":"https:\/\/jardinarium.com\/blog\/disfruta-del-verano-en-tus-espacios-exteriores\/","og_site_name":"Jardinarium Blog","article_published_time":"2024-06-18T09:07:09+00:00","article_modified_time":"2024-06-18T09:07:11+00:00","og_image":[{"width":1500,"height":1000,"url":"https:\/\/jardinarium.com\/blog\/wp-content\/uploads\/2024\/06\/ninas-jugando-al-aire-libre-juntas-sentadas-hamaca.jpg","type":"image\/jpeg"}],"author":"Jardinarium","twitter_card":"summary_large_image","twitter_misc":{"Escrito por":"Jardinarium","Tiempo de lectura":"3 minutos"},"schema":{"@context":"https:\/\/schema.org","@graph":[{"@type":"Article","@id":"https:\/\/jardinarium.com\/blog\/disfruta-del-verano-en-tus-espacios-exteriores\/#article","isPartOf":{"@id":"https:\/\/jardinarium.com\/blog\/disfruta-del-verano-en-tus-espacios-exteriores\/"},"author":{"name":"Jardinarium","@id":"https:\/\/jardinarium.com\/blog\/#\/schema\/person\/8e0a55cb9de3fedd03897c4eed05e2e0"},"headline":"\u00a1Disfruta del verano en tus espacios exteriores!","datePublished":"2024-06-18T09:07:09+00:00","dateModified":"2024-06-18T09:07:11+00:00","mainEntityOfPage":{"@id":"https:\/\/jardinarium.com\/blog\/disfruta-del-verano-en-tus-espacios-exteriores\/"},"wordCount":400,"commentCount":0,"publisher":{"@id":"https:\/\/jardinarium.com\/blog\/#organization"},"image":{"@id":"https:\/\/jardinarium.com\/blog\/disfruta-del-verano-en-tus-espacios-exteriores\/#primaryimage"},"thumbnailUrl":"https:\/\/jardinarium.com\/blog\/wp-content\/uploads\/2024\/06\/ninas-jugando-al-aire-libre-juntas-sentadas-hamaca.jpg","keywords":["jard\u00edn","Jardiner\u00eda","Plantas","terraza"],"articleSection":["Inspiration"],"inLanguage":"es","potentialAction":[{"@type":"CommentAction","name":"Comment","target":["https:\/\/jardinarium.com\/blog\/disfruta-del-verano-en-tus-espacios-exteriores\/#respond"]}]},{"@type":"WebPage","@id":"https:\/\/jardinarium.com\/blog\/disfruta-del-verano-en-tus-espacios-exteriores\/","url":"https:\/\/jardinarium.com\/blog\/disfruta-del-verano-en-tus-espacios-exteriores\/","name":"el-verano","isPartOf":{"@id":"https:\/\/jardinarium.com\/blog\/#website"},"primaryImageOfPage":{"@id":"https:\/\/jardinarium.com\/blog\/disfruta-del-verano-en-tus-espacios-exteriores\/#primaryimage"},"image":{"@id":"https:\/\/jardinarium.com\/blog\/disfruta-del-verano-en-tus-espacios-exteriores\/#primaryimage"},"thumbnailUrl":"https:\/\/jardinarium.com\/blog\/wp-content\/uploads\/2024\/06\/ninas-jugando-al-aire-libre-juntas-sentadas-hamaca.jpg","datePublished":"2024-06-18T09:07:09+00:00","dateModified":"2024-06-18T09:07:11+00:00","description":"El verano ya est\u00e1 aqu\u00ed y tambi\u00e9n el momento de disfrutar al aire libre. Momentos inolvidables en nuestros jardines, balcones y terrazas.","breadcrumb":{"@id":"https:\/\/jardinarium.com\/blog\/disfruta-del-verano-en-tus-espacios-exteriores\/#breadcrumb"},"inLanguage":"es","potentialAction":[{"@type":"ReadAction","target":["https:\/\/jardinarium.com\/blog\/disfruta-del-verano-en-tus-espacios-exteriores\/"]}]},{"@type":"ImageObject","inLanguage":"es","@id":"https:\/\/jardinarium.com\/blog\/disfruta-del-verano-en-tus-espacios-exteriores\/#primaryimage","url":"https:\/\/jardinarium.com\/blog\/wp-content\/uploads\/2024\/06\/ninas-jugando-al-aire-libre-juntas-sentadas-hamaca.jpg","contentUrl":"https:\/\/jardinarium.com\/blog\/wp-content\/uploads\/2024\/06\/ninas-jugando-al-aire-libre-juntas-sentadas-hamaca.jpg","width":1500,"height":1000},{"@type":"BreadcrumbList","@id":"https:\/\/jardinarium.com\/blog\/disfruta-del-verano-en-tus-espacios-exteriores\/#breadcrumb","itemListElement":[{"@type":"ListItem","position":1,"name":"Portada","item":"https:\/\/jardinarium.com\/blog\/"},{"@type":"ListItem","position":2,"name":"\u00a1Disfruta del verano en tus espacios exteriores!"}]},{"@type":"WebSite","@id":"https:\/\/jardinarium.com\/blog\/#website","url":"https:\/\/jardinarium.com\/blog\/","name":"Jardinarium Blog","description":"Tu blog sobre jardiner\u00eda favorito","publisher":{"@id":"https:\/\/jardinarium.com\/blog\/#organization"},"potentialAction":[{"@type":"SearchAction","target":{"@type":"EntryPoint","urlTemplate":"https:\/\/jardinarium.com\/blog\/?s={search_term_string}"},"query-input":{"@type":"PropertyValueSpecification","valueRequired":true,"valueName":"search_term_string"}}],"inLanguage":"es"},{"@type":"Organization","@id":"https:\/\/jardinarium.com\/blog\/#organization","name":"Jardinarium Blog","url":"https:\/\/jardinarium.com\/blog\/","logo":{"@type":"ImageObject","inLanguage":"es","@id":"https:\/\/jardinarium.com\/blog\/#\/schema\/logo\/image\/","url":"https:\/\/jardinarium.com\/blog\/wp-content\/uploads\/2023\/01\/cropped-logo_jardinarium-nobackground.png","contentUrl":"https:\/\/jardinarium.com\/blog\/wp-content\/uploads\/2023\/01\/cropped-logo_jardinarium-nobackground.png","width":512,"height":512,"caption":"Jardinarium Blog"},"image":{"@id":"https:\/\/jardinarium.com\/blog\/#\/schema\/logo\/image\/"}},{"@type":"Person","@id":"https:\/\/jardinarium.com\/blog\/#\/schema\/person\/8e0a55cb9de3fedd03897c4eed05e2e0","name":"Jardinarium","image":{"@type":"ImageObject","inLanguage":"es","@id":"https:\/\/secure.gravatar.com\/avatar\/23f3c9f8fac24a9199ac2ddc46aa4a1d21bca060932733e19dfe9be9ee768275?s=96&d=mm&r=g","url":"https:\/\/secure.gravatar.com\/avatar\/23f3c9f8fac24a9199ac2ddc46aa4a1d21bca060932733e19dfe9be9ee768275?s=96&d=mm&r=g","contentUrl":"https:\/\/secure.gravatar.com\/avatar\/23f3c9f8fac24a9199ac2ddc46aa4a1d21bca060932733e19dfe9be9ee768275?s=96&d=mm&r=g","caption":"Jardinarium"},"url":"https:\/\/jardinarium.com\/blog\/author\/jardinarium\/"}]}},"_links":{"self":[{"href":"https:\/\/jardinarium.com\/blog\/wp-json\/wp\/v2\/posts\/13015","targetHints":{"allow":["GET"]}}],"collection":[{"href":"https:\/\/jardinarium.com\/blog\/wp-json\/wp\/v2\/posts"}],"about":[{"href":"https:\/\/jardinarium.com\/blog\/wp-json\/wp\/v2\/types\/post"}],"author":[{"embeddable":true,"href":"https:\/\/jardinarium.com\/blog\/wp-json\/wp\/v2\/users\/7"}],"replies":[{"embeddable":true,"href":"https:\/\/jardinarium.com\/blog\/wp-json\/wp\/v2\/comments?post=13015"}],"version-history":[{"count":1,"href":"https:\/\/jardinarium.com\/blog\/wp-json\/wp\/v2\/posts\/13015\/revisions"}],"predecessor-version":[{"id":13026,"href":"https:\/\/jardinarium.com\/blog\/wp-json\/wp\/v2\/posts\/13015\/revisions\/13026"}],"wp:featuredmedia":[{"embeddable":true,"href":"https:\/\/jardinarium.com\/blog\/wp-json\/wp\/v2\/media\/13025"}],"wp:attachment":[{"href":"https:\/\/jardinarium.com\/blog\/wp-json\/wp\/v2\/media?parent=13015"}],"wp:term":[{"taxonomy":"category","embeddable":true,"href":"https:\/\/jardinarium.com\/blog\/wp-json\/wp\/v2\/categories?post=13015"},{"taxonomy":"post_tag","embeddable":true,"href":"https:\/\/jardinarium.com\/blog\/wp-json\/wp\/v2\/tags?post=13015"}],"curies":[{"name":"wp","href":"https:\/\/api.w.org\/{rel}","templated":true}]}}